{"id":13004,"date":"2025-10-16T17:52:58","date_gmt":"2025-10-18T10:53:56","guid":{"rendered":"https:\/\/majorleaguesoccer.com.br\/index.php\/2025\/10\/16\/messi-relembra-sua-estreia-na-liga-com-o-barca-ja-21-anos-incrivel\/"},"modified":"2025-10-18T07:54:00","modified_gmt":"2025-10-18T10:54:00","slug":"messi-relembra-sua-estreia-na-liga-com-o-barca-ja-21-anos-incrivel","status":"publish","type":"post","link":"https:\/\/majorleaguesoccer.com.br\/index.php\/2025\/10\/16\/messi-relembra-sua-estreia-na-liga-com-o-barca-ja-21-anos-incrivel\/","title":{"rendered":"Messi relembra sua estreia na liga com o Bar\u00e7a: &#8220;J\u00e1 21 anos&#8230; incr\u00edvel&#8221;"},"content":{"rendered":"<p>                                                                                                                                                                                                                                                                                                                                                                                                                                                                                                                                                                                                                                                                                                                                                                                                                                                                                                                                                                                                                                                                                                                                                                                                                                                                                                                                                                                                                                                                                                                                                                                                                                                                                                                                                                                                                                                                                                                                                                                                                                                                                                                                                  Neste dia 16 de outubro <strong>21 anos desde que Leo Messi estreou na LaLiga<\/strong> com o <strong>Barcelona<\/strong>e o craque argentino quis relembrar isso em suas redes sociais. um jovem <strong>Le\u00e3o <\/strong>Ele estreou na competi\u00e7\u00e3o em um cl\u00e1ssico contra <strong>Espanhol <\/strong>em Montju\u00efc (0-1), substituindo <strong>decora\u00e7\u00e3o <\/strong>aos 82 minutos, e deixou os primeiros sinais do seu talento numa Liga que acabaria por dominar anos depois.<\/p>\n<p> Para comemorar o anivers\u00e1rio, <strong>Le\u00e3o Messi <\/strong>compartilhou em seu perfil do Instagram duas fotos do dia da estreia com a mensagem \u201c21 anos j\u00e1&#8230; incr\u00edveis\u201d, algumas palavras curtas que certamente despertaram nostalgia entre os f\u00e3s do <strong>Bar\u00e7a<\/strong>.<\/p>\n<p>    Ap\u00f3s sua estreia na liga como jogador do Bar\u00e7a <strong>Messi <\/strong>acabou brigando <strong>520 jogos na LaLiga<\/strong> e marcou um grande <strong>474 gols<\/strong>e distribu\u00eddo <strong>216 assist\u00eancias<\/strong> na competi\u00e7\u00e3o. Algumas figuras incr\u00edveis com as quais ele completou <strong>dez t\u00edtulos da liga<\/strong> no <strong>17 temporadas<\/strong> que jogou no <strong>Bar\u00e7a<\/strong>.<\/p>\n","protected":false},"excerpt":{"rendered":"<p>Neste dia 16 de outubro 21 anos desde que Leo Messi estreou na LaLiga com o Barcelonae o craque argentino quis relembrar isso em suas redes sociais. um jovem Le\u00e3o Ele estreou na competi\u00e7\u00e3o em um cl\u00e1ssico contra Espanhol em Montju\u00efc (0-1), substituindo decora\u00e7\u00e3o aos 82 minutos, e deixou os primeiros sinais do seu talento&#8230;<\/p>\n","protected":false},"author":1,"featured_media":13041,"comment_status":"closed","ping_status":"closed","sticky":false,"template":"","format":"standard","meta":{"footnotes":""},"categories":[4],"tags":[],"class_list":["post-13004","post","type-post","status-publish","format-standard","has-post-thumbnail","hentry","category-sports"],"_links":{"self":[{"href":"https:\/\/majorleaguesoccer.com.br\/index.php\/wp-json\/wp\/v2\/posts\/13004","targetHints":{"allow":["GET"]}}],"collection":[{"href":"https:\/\/majorleaguesoccer.com.br\/index.php\/wp-json\/wp\/v2\/posts"}],"about":[{"href":"https:\/\/majorleaguesoccer.com.br\/index.php\/wp-json\/wp\/v2\/types\/post"}],"author":[{"embeddable":true,"href":"https:\/\/majorleaguesoccer.com.br\/index.php\/wp-json\/wp\/v2\/users\/1"}],"replies":[{"embeddable":true,"href":"https:\/\/majorleaguesoccer.com.br\/index.php\/wp-json\/wp\/v2\/comments?post=13004"}],"version-history":[{"count":1,"href":"https:\/\/majorleaguesoccer.com.br\/index.php\/wp-json\/wp\/v2\/posts\/13004\/revisions"}],"predecessor-version":[{"id":13009,"href":"https:\/\/majorleaguesoccer.com.br\/index.php\/wp-json\/wp\/v2\/posts\/13004\/revisions\/13009"}],"wp:featuredmedia":[{"embeddable":true,"href":"https:\/\/majorleaguesoccer.com.br\/index.php\/wp-json\/wp\/v2\/media\/13041"}],"wp:attachment":[{"href":"https:\/\/majorleaguesoccer.com.br\/index.php\/wp-json\/wp\/v2\/media?parent=13004"}],"wp:term":[{"taxonomy":"category","embeddable":true,"href":"https:\/\/majorleaguesoccer.com.br\/index.php\/wp-json\/wp\/v2\/categories?post=13004"},{"taxonomy":"post_tag","embeddable":true,"href":"https:\/\/majorleaguesoccer.com.br\/index.php\/wp-json\/wp\/v2\/tags?post=13004"}],"curies":[{"name":"wp","href":"https:\/\/api.w.org\/{rel}","templated":true}]}}