{"id":13104,"date":"2025-10-20T19:53:52","date_gmt":"2025-10-22T17:49:31","guid":{"rendered":"https:\/\/majorleaguesoccer.com.br\/index.php\/2025\/10\/20\/thomas-muller-o-inimigo-que-esperava-pelo-barca-se-o-flick-tivesse-me-ligado\/"},"modified":"2025-10-22T14:49:36","modified_gmt":"2025-10-22T17:49:36","slug":"thomas-muller-o-inimigo-que-esperava-pelo-barca-se-o-flick-tivesse-me-ligado","status":"publish","type":"post","link":"https:\/\/majorleaguesoccer.com.br\/index.php\/2025\/10\/20\/thomas-muller-o-inimigo-que-esperava-pelo-barca-se-o-flick-tivesse-me-ligado\/","title":{"rendered":"Thomas M\u00fcller, o inimigo que esperava pelo Bar\u00e7a: &#8220;Se o Flick tivesse me ligado&#8230;&#8221;"},"content":{"rendered":"<p>                                                                                                                                                                                                                                                                                                                                                                                                                                                                                                                                                                                                                                                                                                                                                                                                                                                                                                                                                                                                                                                                                                                                                                                                                                                                                                                                                                                                                                                                                                                                                                                                                                                                                                                                                                                                                                                                                                                                                                                                                                                                                                                                                  Depois de uma vida em <strong>Baviera <\/strong>repleto de t\u00edtulos nacionais e internacionais, <strong>Thomas M\u00fcller<\/strong> Aos 36 anos, continua a transmitir a sua energia ao Vancouver Whitecaps da Major League Soccer (MLS), competi\u00e7\u00e3o \u00e0 qual ingressou no ver\u00e3o passado. Por\u00e9m, seu destino poderia ter sido diferente. Nada mais e nada menos do que o <strong>Barcelona<\/strong>clube cujo craque se tornou inimigo p\u00fablico pelos gols que marcou (8 gols em 10 jogos, com 8 vit\u00f3rias, al\u00e9m de duas assist\u00eancias) e pela forma como os comemorou, sempre especialmente efusiva.<\/p>\n<p> N\u00e3o que houvesse uma possibilidade real dessa mudan\u00e7a de rumo na sua carreira, embora pela forma como fala pare\u00e7a que tinha a porta aberta para si. <strong>Hansi Flick,<\/strong> seu ex-t\u00e9cnico do Bayern e da sele\u00e7\u00e3o alem\u00e3, e seu grande amigo <strong>Roberto Lewandowski<\/strong>companheiro do clube b\u00e1varo, teria pressionado o clube do Bar\u00e7a.<\/p>\n<p> \u201cPodia ter imaginado um futuro em Barcelona, \u200b\u200bsim\u201d, admitiu em algumas declara\u00e7\u00f5es curiosas no \u2018Blickpunkt Sport\u2019, explicando que \u201cse<strong> Hansi filme<\/strong>que me conhece muito bem, teria me ligado e eu teria gostado do projeto em Barcelona, \u200b\u200bpoderia ter imaginado algo assim. &#8220;\u00c9 um clube de alto n\u00edvel onde voc\u00ea sabe o que as pessoas esperam de voc\u00ea.&#8221;<\/p>\n<p> No Bar\u00e7a a figura do craque pressionando e alcan\u00e7ando \u00e9 fundamental. As les\u00f5es evitam<strong> Daniel Olmo<\/strong> continuar a desempenhar esse papel, o treinador alem\u00e3o \u00e0s vezes pensou em <strong>Raphinha<\/strong>mas quem pode se apropriar definitivamente dessa demarca\u00e7\u00e3o \u00e9 <strong>Ferm\u00edn<\/strong>que muitos veem uma semelhan\u00e7a futebol\u00edstica com M\u00fcller.<\/p>\n","protected":false},"excerpt":{"rendered":"<p>Depois de uma vida em Baviera repleto de t\u00edtulos nacionais e internacionais, Thomas M\u00fcller Aos 36 anos, continua a transmitir a sua energia ao Vancouver Whitecaps da Major League Soccer (MLS), competi\u00e7\u00e3o \u00e0 qual ingressou no ver\u00e3o passado. Por\u00e9m, seu destino poderia ter sido diferente. Nada mais e nada menos do que o Barcelonaclube cujo&#8230;<\/p>\n","protected":false},"author":1,"featured_media":13147,"comment_status":"closed","ping_status":"closed","sticky":false,"template":"","format":"standard","meta":{"footnotes":""},"categories":[4],"tags":[],"class_list":["post-13104","post","type-post","status-publish","format-standard","has-post-thumbnail","hentry","category-sports"],"_links":{"self":[{"href":"https:\/\/majorleaguesoccer.com.br\/index.php\/wp-json\/wp\/v2\/posts\/13104","targetHints":{"allow":["GET"]}}],"collection":[{"href":"https:\/\/majorleaguesoccer.com.br\/index.php\/wp-json\/wp\/v2\/posts"}],"about":[{"href":"https:\/\/majorleaguesoccer.com.br\/index.php\/wp-json\/wp\/v2\/types\/post"}],"author":[{"embeddable":true,"href":"https:\/\/majorleaguesoccer.com.br\/index.php\/wp-json\/wp\/v2\/users\/1"}],"replies":[{"embeddable":true,"href":"https:\/\/majorleaguesoccer.com.br\/index.php\/wp-json\/wp\/v2\/comments?post=13104"}],"version-history":[{"count":1,"href":"https:\/\/majorleaguesoccer.com.br\/index.php\/wp-json\/wp\/v2\/posts\/13104\/revisions"}],"predecessor-version":[{"id":13110,"href":"https:\/\/majorleaguesoccer.com.br\/index.php\/wp-json\/wp\/v2\/posts\/13104\/revisions\/13110"}],"wp:featuredmedia":[{"embeddable":true,"href":"https:\/\/majorleaguesoccer.com.br\/index.php\/wp-json\/wp\/v2\/media\/13147"}],"wp:attachment":[{"href":"https:\/\/majorleaguesoccer.com.br\/index.php\/wp-json\/wp\/v2\/media?parent=13104"}],"wp:term":[{"taxonomy":"category","embeddable":true,"href":"https:\/\/majorleaguesoccer.com.br\/index.php\/wp-json\/wp\/v2\/categories?post=13104"},{"taxonomy":"post_tag","embeddable":true,"href":"https:\/\/majorleaguesoccer.com.br\/index.php\/wp-json\/wp\/v2\/tags?post=13104"}],"curies":[{"name":"wp","href":"https:\/\/api.w.org\/{rel}","templated":true}]}}