{"id":14210,"date":"2025-12-05T05:55:26","date_gmt":"2025-12-05T17:51:57","guid":{"rendered":"https:\/\/majorleaguesoccer.com.br\/index.php\/2025\/12\/05\/thomas-muller-faz-o-seu-trabalho-na-coletiva-de-imprensa-antes-do-inter-miami-vancouver-boa-frase-hein\/"},"modified":"2025-12-05T14:51:58","modified_gmt":"2025-12-05T17:51:58","slug":"thomas-muller-faz-o-seu-trabalho-na-coletiva-de-imprensa-antes-do-inter-miami-vancouver-boa-frase-hein","status":"publish","type":"post","link":"https:\/\/majorleaguesoccer.com.br\/index.php\/2025\/12\/05\/thomas-muller-faz-o-seu-trabalho-na-coletiva-de-imprensa-antes-do-inter-miami-vancouver-boa-frase-hein\/","title":{"rendered":"Thomas M\u00fcller faz o seu trabalho na coletiva de imprensa antes do Inter Miami-Vancouver: &#8220;Boa frase, hein?&#8221;"},"content":{"rendered":"<p>                                                                                                                                                                                                                                                                                                                                                                                                                                                                                                                                                                                                                                                                                                                                                                                                                                                                                                                                                                                                                                                                                                                                                                                                                                                                                                                                                                                                                                                                                                                                                                                                                                                                                                                                                                                                                                                                                                                                                                                                                                                                                                                                                  Para <strong>Le\u00e3o Messi<\/strong>a final da Copa <strong>MLS <\/strong>Este s\u00e1bado representar\u00e1 um fim. E, muito possivelmente, um novo come\u00e7o. Messi e ele<strong> Inter Miami<\/strong> Eles enfrentar\u00e3o Thomas M\u00fcller, um de seus rivais de longa data, e o <strong>Whitecaps de Vancouver <\/strong>para o campeonato da Liga Principal de Futebol. \u00c9 a primeira final dos dois clubes. &#8220;Sabemos que ser\u00e1 um jogo muito, muito dif\u00edcil&#8230; Ser\u00e1 uma final muito, muito especial&#8221;, disse Messi em comunicados distribu\u00eddos pelo clube h\u00e1 algumas horas. Mas para Messi, \u00e9 o fim de algumas eras.<\/p>\n<p> \u00c9 a \u00faltima partida agendada na atual casa do Inter Miami, j\u00e1 que o time se mudar\u00e1 para um est\u00e1dio ainda em constru\u00e7\u00e3o pr\u00f3ximo ao Aeroporto Internacional de Miami na pr\u00f3xima temporada. E, a menos que haja mudan\u00e7as, ser\u00e1 a \u00faltima vez que jogar\u00e3o com os companheiros de longa data Jordi Alba e Sergio Busquets (ambos est\u00e3o se aposentando), e possivelmente tamb\u00e9m com Luis Su\u00e1rez. &#8220;Estou muito grato pela carreira que tive, pelos times em que joguei, por tudo que aprendi e desfrutei. Foi um privil\u00e9gio&#8221;, disse Alba em entrevista coletiva. \u201c\u00c9 uma semana de muitas emo\u00e7\u00f5es, sabendo que ser\u00e1 o meu \u00faltimo jogo&#8230; Espero terminar a minha carreira no melhor cen\u00e1rio poss\u00edvel: numa final e que a ganhemos\u201d.<\/p>\n<p>                                                                                                                                                                                                                             Mascherano, na coletiva de imprensa anterior ao Inter Miami-Vancouver<\/p>\n<p>                                                       DARRYL DYCK                                                 Messi est\u00e1 feliz por ter o Vancouver como rival: &#8220;\u00c9 bom que esta final tenha sido disputada e que nos enfrentemos novamente. J\u00e1 enfrentamos o Vancouver e entendemos o calibre da sua equipe&#8221;. Dito isso, o s\u00e1bado trar\u00e1 pelo menos uma novidade: se Vancouver vencer, M\u00fcller ser\u00e1 o primeiro jogador a vencer uma Copa do Mundo e uma Copa da MLS. Se o Inter Miami vencer, Messi, Rodrigo De Paul e Busquets se tornar\u00e3o o primeiro trio a ser campe\u00e3o da Copa do Mundo e da MLS. \u201cTeremos quatro campe\u00f5es mundiais em campo\u201d, disse Mascherano. &#8220;Acho que \u00e9 muito, muito interessante para a liga.&#8221;<\/p>\n<p> M\u00fcller, que tem mais de 30 trof\u00e9us conquistados pelo Bayern e sua sele\u00e7\u00e3o, foi questionado sobre a posi\u00e7\u00e3o da MLS Cup em sua lista. &#8220;Neste momento considero-a a n\u00famero um, porque \u00e9 a \u00fanica final de que estamos a falar. \u00c9 iminente. Neste momento, para mim, esta final \u00e9 a coisa mais importante da minha vida.&#8221; Ele fez uma breve pausa. &#8220;Boa frase, hein?&#8221; ele disse, rindo. Mas \u00e9 claro que a MLS Cup \u00e9 algo que ambas as equipes desejam com todas as for\u00e7as. Para o Inter Miami \u00e9 uma oportunidade de mostrar que valeu a pena trazer os blaugrana (Messi, Alba, Su\u00e1rez e Busquets). Para o Vancouver, que venceu o Inter Miami duas vezes nesta temporada pela Liga dos Campe\u00f5es da CONCACAF, \u00e9 uma chance de ganhar um trof\u00e9u.<\/p>\n<p> O meio-campista do Vancouver, Sebastian Berhalter, indicou por sua vez: &#8220;Estivemos preparados para isso durante toda a temporada. A press\u00e3o \u00e9 inerente. \u00c9 um privil\u00e9gio e \u00e9 divertido, e acho que nossos meninos v\u00e3o aproveitar e se divertir. Estando em casa ou fora, n\u00e3o acho que isso importe muito&#8221;, disse ele em refer\u00eancia ao favoritismo te\u00f3rico do Inter Miami, que joga em seu est\u00e1dio.<\/p>\n","protected":false},"excerpt":{"rendered":"<p>Para Le\u00e3o Messia final da Copa MLS Este s\u00e1bado representar\u00e1 um fim. E, muito possivelmente, um novo come\u00e7o. Messi e ele Inter Miami Eles enfrentar\u00e3o Thomas M\u00fcller, um de seus rivais de longa data, e o Whitecaps de Vancouver para o campeonato da Liga Principal de Futebol. \u00c9 a primeira final dos dois clubes. &#8220;Sabemos&#8230;<\/p>\n","protected":false},"author":1,"featured_media":14220,"comment_status":"closed","ping_status":"closed","sticky":false,"template":"","format":"standard","meta":{"footnotes":""},"categories":[4],"tags":[],"class_list":["post-14210","post","type-post","status-publish","format-standard","has-post-thumbnail","hentry","category-sports"],"_links":{"self":[{"href":"https:\/\/majorleaguesoccer.com.br\/index.php\/wp-json\/wp\/v2\/posts\/14210","targetHints":{"allow":["GET"]}}],"collection":[{"href":"https:\/\/majorleaguesoccer.com.br\/index.php\/wp-json\/wp\/v2\/posts"}],"about":[{"href":"https:\/\/majorleaguesoccer.com.br\/index.php\/wp-json\/wp\/v2\/types\/post"}],"author":[{"embeddable":true,"href":"https:\/\/majorleaguesoccer.com.br\/index.php\/wp-json\/wp\/v2\/users\/1"}],"replies":[{"embeddable":true,"href":"https:\/\/majorleaguesoccer.com.br\/index.php\/wp-json\/wp\/v2\/comments?post=14210"}],"version-history":[{"count":1,"href":"https:\/\/majorleaguesoccer.com.br\/index.php\/wp-json\/wp\/v2\/posts\/14210\/revisions"}],"predecessor-version":[{"id":14215,"href":"https:\/\/majorleaguesoccer.com.br\/index.php\/wp-json\/wp\/v2\/posts\/14210\/revisions\/14215"}],"wp:featuredmedia":[{"embeddable":true,"href":"https:\/\/majorleaguesoccer.com.br\/index.php\/wp-json\/wp\/v2\/media\/14220"}],"wp:attachment":[{"href":"https:\/\/majorleaguesoccer.com.br\/index.php\/wp-json\/wp\/v2\/media?parent=14210"}],"wp:term":[{"taxonomy":"category","embeddable":true,"href":"https:\/\/majorleaguesoccer.com.br\/index.php\/wp-json\/wp\/v2\/categories?post=14210"},{"taxonomy":"post_tag","embeddable":true,"href":"https:\/\/majorleaguesoccer.com.br\/index.php\/wp-json\/wp\/v2\/tags?post=14210"}],"curies":[{"name":"wp","href":"https:\/\/api.w.org\/{rel}","templated":true}]}}