{"id":14226,"date":"2025-12-05T19:51:44","date_gmt":"2025-12-06T06:52:23","guid":{"rendered":"https:\/\/majorleaguesoccer.com.br\/index.php\/2025\/12\/05\/messi-seria-muito-bom-se-alba-e-busquets-se-aposentassem-com-titulo\/"},"modified":"2025-12-06T03:52:29","modified_gmt":"2025-12-06T06:52:29","slug":"messi-seria-muito-bom-se-alba-e-busquets-se-aposentassem-com-titulo","status":"publish","type":"post","link":"https:\/\/majorleaguesoccer.com.br\/index.php\/2025\/12\/05\/messi-seria-muito-bom-se-alba-e-busquets-se-aposentassem-com-titulo\/","title":{"rendered":"Messi: \u201cSeria muito bom se Alba e Busquets se aposentassem com t\u00edtulo\u201d"},"content":{"rendered":"<p>                                                                                                                                                                                                                                                                                                                                                                                                                                                                                                                                                                                                                                                                                                                                                                                                                                                                                                                                                                                                                                                                                                                                                                                                                                                                                                                                                                                                                                                                                                                                                                                                                                                                                                                                                                                                                                                                                                                                                                                                                                                                                                                                                  <strong>Inter Miami <\/strong>e <strong>Whitecaps de Vancouver<\/strong> se enfrentam neste s\u00e1bado (20h30) na grande final do <strong>Copa MLS<\/strong>. O grupo liderado por <strong>Javier Mascherano <\/strong>eliminado<strong> Cidade de Nova York<\/strong> (5-1) nas semifinais, enquanto os de <strong>Jesper Sorensen<\/strong> eles derrotaram <strong>S\u00e3o Diego<\/strong>(1-3). Um dos grandes protagonistas da tarde ser\u00e1 <strong>Le\u00e3o Messi<\/strong>. O argentino falou antes da final e alertou sobre o alto n\u00edvel do rival que enfrentar\u00e1.<\/p>\n<p> \u201cJ\u00e1 enfrentamos o Vancouver e entendemos o calibre do time deles. Eles foram muito consistentes ao longo da temporada, disputando todas as competi\u00e7\u00f5es at\u00e9 o final, assim como n\u00f3s. Ser\u00e1 uma partida muito dif\u00edcil\u201d, afirmou o atacante. <strong>InterMiami.<\/strong><\/p>\n<p> Messi tamb\u00e9m falou sobre um velho conhecido de sua \u00e9poca no <strong>Barcelona<\/strong>o alem\u00e3o <strong>Thomas M\u00fcller<\/strong>agora jogador de futebol de Vancouver. &#8220;\u00c9 muito bom que ele tenha vindo jogar na MLS e estou ansioso para nos vermos novamente na final. Com a presen\u00e7a dele no time, eles est\u00e3o melhores. Isso d\u00e1 muito mais prest\u00edgio ao jogo e ao time.&#8221;<\/p>\n<p> Questionado sobre o <strong>aposentadorias de Jordi Alba e Sergio Busquets<\/strong>o craque argentino gostaria que isso acontecesse conquistando o t\u00edtulo. \u201cSeria muito bom para eles encerrar a carreira conquistando um t\u00edtulo e da melhor maneira poss\u00edvel. Adicionar mais um trof\u00e9u \u00e0 sua longa lista de t\u00edtulos e dizer adeus ao <strong>EUA<\/strong> em grande estilo seria muito especial&#8221;, observou ele.<\/p>\n<p> Quanto ao pr\u00f3ximo <strong>Copa do Mundo 2026,<\/strong> em que <strong>Argentina <\/strong>desempenhar\u00e1 o papel de defensor do t\u00edtulo, <strong>Messi <\/strong>Ele ficou muito surpreso com a paix\u00e3o pelo futebol nos pa\u00edses que sediar\u00e3o todas as partidas. &#8220;J\u00e1 conhecia a paix\u00e3o pelo futebol que existe em <strong>M\u00e9xico<\/strong>mas fiquei um pouco mais surpreso com <strong>EUA <\/strong>e <strong>Canad\u00e1 <\/strong>pelo seu entusiasmo. Nos \u00faltimos anos houve um grande crescimento de f\u00e3s.&#8221;<\/p>\n<p> Sobre os Estados Unidos serem uma das sedes: \u201cAcho que se espera algo extraordin\u00e1rio porque o pa\u00eds est\u00e1 preparado para isso. Tem sido habituado a acolher grandes eventos e este \u00e9 o mais importante de todos no futebol\u201d, concluiu.<\/p>\n","protected":false},"excerpt":{"rendered":"<p>Inter Miami e Whitecaps de Vancouver se enfrentam neste s\u00e1bado (20h30) na grande final do Copa MLS. O grupo liderado por Javier Mascherano eliminado Cidade de Nova York (5-1) nas semifinais, enquanto os de Jesper Sorensen eles derrotaram S\u00e3o Diego(1-3). Um dos grandes protagonistas da tarde ser\u00e1 Le\u00e3o Messi. O argentino falou antes da final&#8230;<\/p>\n","protected":false},"author":1,"featured_media":14237,"comment_status":"closed","ping_status":"closed","sticky":false,"template":"","format":"standard","meta":{"footnotes":""},"categories":[4],"tags":[],"class_list":["post-14226","post","type-post","status-publish","format-standard","has-post-thumbnail","hentry","category-sports"],"_links":{"self":[{"href":"https:\/\/majorleaguesoccer.com.br\/index.php\/wp-json\/wp\/v2\/posts\/14226","targetHints":{"allow":["GET"]}}],"collection":[{"href":"https:\/\/majorleaguesoccer.com.br\/index.php\/wp-json\/wp\/v2\/posts"}],"about":[{"href":"https:\/\/majorleaguesoccer.com.br\/index.php\/wp-json\/wp\/v2\/types\/post"}],"author":[{"embeddable":true,"href":"https:\/\/majorleaguesoccer.com.br\/index.php\/wp-json\/wp\/v2\/users\/1"}],"replies":[{"embeddable":true,"href":"https:\/\/majorleaguesoccer.com.br\/index.php\/wp-json\/wp\/v2\/comments?post=14226"}],"version-history":[{"count":1,"href":"https:\/\/majorleaguesoccer.com.br\/index.php\/wp-json\/wp\/v2\/posts\/14226\/revisions"}],"predecessor-version":[{"id":14232,"href":"https:\/\/majorleaguesoccer.com.br\/index.php\/wp-json\/wp\/v2\/posts\/14226\/revisions\/14232"}],"wp:featuredmedia":[{"embeddable":true,"href":"https:\/\/majorleaguesoccer.com.br\/index.php\/wp-json\/wp\/v2\/media\/14237"}],"wp:attachment":[{"href":"https:\/\/majorleaguesoccer.com.br\/index.php\/wp-json\/wp\/v2\/media?parent=14226"}],"wp:term":[{"taxonomy":"category","embeddable":true,"href":"https:\/\/majorleaguesoccer.com.br\/index.php\/wp-json\/wp\/v2\/categories?post=14226"},{"taxonomy":"post_tag","embeddable":true,"href":"https:\/\/majorleaguesoccer.com.br\/index.php\/wp-json\/wp\/v2\/tags?post=14226"}],"curies":[{"name":"wp","href":"https:\/\/api.w.org\/{rel}","templated":true}]}}