{"id":14257,"date":"2025-12-06T20:54:01","date_gmt":"2025-12-07T04:49:45","guid":{"rendered":"https:\/\/majorleaguesoccer.com.br\/index.php\/2025\/12\/06\/messi-nomeado-mvp-manda-mensagem-a-busquets-e-alba-um-dos-maiores-da-historia\/"},"modified":"2025-12-07T01:49:46","modified_gmt":"2025-12-07T04:49:46","slug":"messi-nomeado-mvp-manda-mensagem-a-busquets-e-alba-um-dos-maiores-da-historia","status":"publish","type":"post","link":"https:\/\/majorleaguesoccer.com.br\/index.php\/2025\/12\/06\/messi-nomeado-mvp-manda-mensagem-a-busquets-e-alba-um-dos-maiores-da-historia\/","title":{"rendered":"Messi, nomeado MVP, manda mensagem a Busquets e Alba: \u201cUm dos maiores da hist\u00f3ria\u201d"},"content":{"rendered":"<p>                                                                                                                                                                                                                                                                                                                                                                                                                                                                                                                                                                                                                                                                                                                                                                                                                                                                                                                                                                                                                                                                                                                                                                                                                                                                                                                                                                                                                                                                                                                                                                                                                                                                                                                                                                                                                                                                                                                                                                                                                                                                                                                                                  <strong>Le\u00e3o Messi <\/strong>foi nomeado <strong>MVP <\/strong>da final que o Inter Miami venceu <strong>Whitecaps de Vancouver<\/strong> depois de assinar duas assist\u00eancias fundamentais para a vit\u00f3ria (3-1).<\/p>\n<p> O argentino, que tamb\u00e9m ser\u00e1 eleito MVP da temporada, saboreou de forma diferente o 48\u00ba trof\u00e9u coletivo de toda a carreira (ningu\u00e9m levantou mais em toda a hist\u00f3ria). E foi o \u00faltimo com<strong> Jordi Alba<\/strong> e <strong>Sergio Busquets<\/strong>que deram o toque final \u00e0 sua carreira da forma mais doce e entre l\u00e1grimas de alegria e tristeza se despediram dos campos de jogo.<\/p>\n<p> <strong>\u201cEstou feliz pelo que conquistamos, por eles. Que terminem a carreira assim \u00e9 muito bom, eles mereceram pelo que foram, um dos maiores da hist\u00f3ria na sua posi\u00e7\u00e3o\u201d<\/strong>ele indicou <strong>Messi<\/strong>elogiando a &#8220;grande carreira e os t\u00edtulos que conquistaram. Hoje n\u00e3o t\u00eam consci\u00eancia do que est\u00e3o vivenciando. Est\u00e1 acabando algo muito bonito ao qual dedicaram toda a vida&#8221;. <strong>Mais uma vida se inicia e desejo sempre o melhor para voc\u00ea. \u201cS\u00e3o dois amigos que amo muito.\u201d<\/strong><\/p>\n<p> <strong>Messi <\/strong>Ele tamb\u00e9m valorizou o triunfo da MLS, por isso foi trazido para Miami por David Beckham. &#8220;Era um dos nossos objetivos quando chegamos. Tivemos um \u00f3timo ano em todas as competi\u00e7\u00f5es. Uma final da Copa da Liga, semifinais da Liga dos Campe\u00f5es da Concacaf&#8230; No ano passado vencemos o campeonato regular, mas ca\u00edmos na primeira rodada. <strong>Era o gol, a equipe se esfor\u00e7ou muito e esteve \u00e0 altura.<\/strong>&#8220;, enfatizou.<\/p>\n","protected":false},"excerpt":{"rendered":"<p>Le\u00e3o Messi foi nomeado MVP da final que o Inter Miami venceu Whitecaps de Vancouver depois de assinar duas assist\u00eancias fundamentais para a vit\u00f3ria (3-1). O argentino, que tamb\u00e9m ser\u00e1 eleito MVP da temporada, saboreou de forma diferente o 48\u00ba trof\u00e9u coletivo de toda a carreira (ningu\u00e9m levantou mais em toda a hist\u00f3ria). E foi&#8230;<\/p>\n","protected":false},"author":1,"featured_media":14264,"comment_status":"closed","ping_status":"closed","sticky":false,"template":"","format":"standard","meta":{"footnotes":""},"categories":[4],"tags":[],"class_list":["post-14257","post","type-post","status-publish","format-standard","has-post-thumbnail","hentry","category-sports"],"_links":{"self":[{"href":"https:\/\/majorleaguesoccer.com.br\/index.php\/wp-json\/wp\/v2\/posts\/14257","targetHints":{"allow":["GET"]}}],"collection":[{"href":"https:\/\/majorleaguesoccer.com.br\/index.php\/wp-json\/wp\/v2\/posts"}],"about":[{"href":"https:\/\/majorleaguesoccer.com.br\/index.php\/wp-json\/wp\/v2\/types\/post"}],"author":[{"embeddable":true,"href":"https:\/\/majorleaguesoccer.com.br\/index.php\/wp-json\/wp\/v2\/users\/1"}],"replies":[{"embeddable":true,"href":"https:\/\/majorleaguesoccer.com.br\/index.php\/wp-json\/wp\/v2\/comments?post=14257"}],"version-history":[{"count":1,"href":"https:\/\/majorleaguesoccer.com.br\/index.php\/wp-json\/wp\/v2\/posts\/14257\/revisions"}],"predecessor-version":[{"id":14263,"href":"https:\/\/majorleaguesoccer.com.br\/index.php\/wp-json\/wp\/v2\/posts\/14257\/revisions\/14263"}],"wp:featuredmedia":[{"embeddable":true,"href":"https:\/\/majorleaguesoccer.com.br\/index.php\/wp-json\/wp\/v2\/media\/14264"}],"wp:attachment":[{"href":"https:\/\/majorleaguesoccer.com.br\/index.php\/wp-json\/wp\/v2\/media?parent=14257"}],"wp:term":[{"taxonomy":"category","embeddable":true,"href":"https:\/\/majorleaguesoccer.com.br\/index.php\/wp-json\/wp\/v2\/categories?post=14257"},{"taxonomy":"post_tag","embeddable":true,"href":"https:\/\/majorleaguesoccer.com.br\/index.php\/wp-json\/wp\/v2\/tags?post=14257"}],"curies":[{"name":"wp","href":"https:\/\/api.w.org\/{rel}","templated":true}]}}