{"id":14276,"date":"2025-12-07T10:51:27","date_gmt":"2025-12-10T07:53:14","guid":{"rendered":"https:\/\/majorleaguesoccer.com.br\/index.php\/2025\/12\/07\/busquets-e-jordi-alba-sonho-final-para-uma-carreira-brilhante\/"},"modified":"2025-12-10T04:53:19","modified_gmt":"2025-12-10T07:53:19","slug":"busquets-e-jordi-alba-sonho-final-para-uma-carreira-brilhante","status":"publish","type":"post","link":"https:\/\/majorleaguesoccer.com.br\/index.php\/2025\/12\/07\/busquets-e-jordi-alba-sonho-final-para-uma-carreira-brilhante\/","title":{"rendered":"Busquets e Jordi Alba: sonho final para uma carreira brilhante"},"content":{"rendered":"<p>                                                                                                                                                                                                                                                                                                                                                                                                                                                                                                                                                                                                                                                                                                                                                                                                                                                                                                                                                                                                                                                                                                                                                                                                                                                                                                                                                                                                                                                                                                                                                                                                                                                                                                                                                                                                                                                                                                                                                                                                                                                                                                                                                  Todas as etapas chegam ao fim. <strong>Sergio Busquets<\/strong> e <strong>Jordi Alba<\/strong> Este s\u00e1bado colocaram a \u00faltima pedra na sua carreira desportiva de sucesso com a conquista de mais um trof\u00e9u. O meio-campista e o zagueiro espanh\u00f3is, de 37 e 36 anos respectivamente, conquistaram o t\u00edtulo de campe\u00f5es do <strong>Copa MLS<\/strong>gra\u00e7as \u00e0 vit\u00f3ria de <strong>Inter Miami<\/strong> tendo em vista <strong>Whitecaps de Vancouver<\/strong> (3-1). Um feito hist\u00f3rico para o clube da Fl\u00f3rida e para os dois jogadores, que penduram as chuteiras com estilo. \u201cAgora veremos de outro lado, mas finalizamos da melhor maneira. <strong>\u201cContinuaremos a nos ver e a aproveitar a vida.\u201d<\/strong>expressaram os dois ex-jogadores do Bar\u00e7a em uma despedida emocionada ap\u00f3s a final.<\/p>\n<h2 class=\"subtitle\">Uma vida em Barcelona<\/h2>\n<p>Sergio Busquets iniciou sua carreira nas fileiras do<strong> Jabac Terrassa<\/strong> antes de dar o salto <strong>Juventude A<\/strong> do Bar\u00e7a em 2007, quando tinha apenas 19 anos. Uma temporada depois, o meio-campista do Bar\u00e7a estreou-se na equipe titular. Foi em Santander em frente ao <strong>corrida <\/strong>Em 13 de setembro de 2008, no dia 2 de <strong>LaLiga<\/strong>em que os catal\u00e3es conseguiram vencer por 0-2. Busquets completou os 90 minutos em alto n\u00edvel e a partir da\u00ed suas grandes atua\u00e7\u00f5es fizeram dele pe\u00e7a fundamental da equipe.<\/p>\n<p> Sob as ordens de <strong>Pep Guardiola<\/strong>&#8216;Busi&#8217; era o farol do Bar\u00e7a desde o centro do campo, acompanhado por <strong>Iniesta <\/strong>e <strong>Xavi<\/strong>no qual \u00e9 considerado o melhor meio-campo da hist\u00f3ria. A perfei\u00e7\u00e3o dessa equipe levou-os a vencer tr\u00eas <strong>Campe\u00f5es<\/strong>: o de 2009 em <strong>Roma <\/strong>contra o Manchester United, o de 2011 tamb\u00e9m contra os &#8216;red devils&#8217; em <strong>Wembley <\/strong>e o de 2015 em <strong>Berlim <\/strong>contra a Juventus, desta vez com Luis Enrique no banco do Bar\u00e7a.<\/p>\n<p> Al\u00e9m da Liga dos Campe\u00f5es, Busquets venceu com o Barcelona <strong>nove ligas<\/strong> (08\/09, 09\/10, 10\/11, 13\/12, 14\/15, 15\/16, 17\/18, 18\/19 e 22\/23); <strong>sete Copas do Rei<\/strong> (08\/09, 11\/12, 14\/15, 15\/16, 16\/17, 17\/18 e 20\/21);<strong> tr\u00eas Copas do Mundo de Clubes<\/strong> (10\/09, 12\/11 e 15\/16);<strong> tr\u00eas Superta\u00e7as Europeias<\/strong> (10\/09, 12\/11 e 15\/16); <strong>e sete Superta\u00e7as de Espanha<\/strong> (10\/09, 11\/10, 12\/11, 13\/14, 16\/17, 18\/19 e 22\/23). A isso devemos somar os tr\u00eas t\u00edtulos conquistados em sua curta passagem pelo Inter Miami: o <strong>Copa das Ligas, Supporters&#8217; Shield e MLS<\/strong>. Figuras lend\u00e1rias.<\/p>\n<p>                                                                                                                                                                                                                             Busquets, com a Liga dos Campe\u00f5es, a Liga e a Copa del Rey em 2008-09<\/p>\n<p>                                                                  <strong>Busquetes <\/strong>\u00c9 o terceiro jogador da hist\u00f3ria do Bar\u00e7a com mais jogos disputados, atr\u00e1s apenas <strong>Xavi Hern\u00e1ndez <\/strong>e <strong>Le\u00e3o Messi<\/strong>. E embora os seus n\u00fameros &#8211; 18 golos e 46 assist\u00eancias &#8211; n\u00e3o sejam nada de outro mundo, ser\u00e1 sempre lembrado pelos passes de calcanhar, pela forma limpa de receber a bola pelas costas, pela leitura do jogo ao alcance de poucos e pelos riscos que corria com a bola nos p\u00e9s. Um jogador de futebol com enorme talento que fez com que o que era extremamente dif\u00edcil em campo parecesse f\u00e1cil.<\/p>\n<p>                                                                                                                                                                                                                             Carreira de Busquets<\/p>\n<h2 class=\"subtitle\">O parceiro perfeito de Messi<\/h2>\n<p>Jordi Alba \u00e9 outro dos que iniciou sua carreira no futebol de base do Barcelona. Ele fez isso na temporada 2003-04 e a partir da\u00ed subiu na classifica\u00e7\u00e3o. Com sua chegada em <strong>Cornell\u00e0 Juventude A<\/strong> Parecia que a sua passagem pelo clube do Bar\u00e7a tinha chegado ao fim. Mas, depois de assinar <strong>Val\u00eancia <\/strong>em 2007 e concluir uma transfer\u00eancia no <strong>N\u00e1stico de Tarragona<\/strong>explodiu completamente com a equipe Mestalla. O seu alto n\u00edvel n\u00e3o passou despercebido e no ano letivo de 2012 completou um retorno espetacular ao clube onde treinou quando era crian\u00e7a. Ele <strong>Bar\u00e7a <\/strong>pagou 14 milh\u00f5es de euros pelo lateral-esquerdo, que caiu na equipa e, tal como <strong>Busquetes<\/strong>n\u00e3o se cansou de ganhar t\u00edtulos.<\/p>\n<p> Com a camisa do Bar\u00e7a, Alba venceu <strong>um<\/strong> <strong>Campe\u00f5es <\/strong>(14\/15),<strong> seis l\u00e9guas<\/strong> (13\/12, 14\/15, 15\/16, 17\/18, 18\/19 e 22\/23), <strong>cinco Copas do Rei<\/strong> (14\/15, 15\/16, 16\/17, 17\/18 e 20\/21), <strong>quatro Superta\u00e7as de Espanha<\/strong> (13\/14, 16\/17, 18\/19 e 22\/23),<strong> uma Superta\u00e7a Europeia<\/strong> e <strong>um Mundial de Clubes <\/strong>(2016). O lateral do l&#8217;Hospitalet de Llobregat ser\u00e1 lembrado pelos torcedores do Bar\u00e7a por sua grande liga\u00e7\u00e3o com <strong>Le\u00e3o Messi<\/strong>. O Spotify Camp Nou presenciou in\u00fameras vezes a mesma jogada: Alba subindo no ataque pela lateral esquerda e Messi aproveitando passe para tr\u00e1s para finalizar as jogadas com gol. Uma das assist\u00eancias mais inesquec\u00edveis de sua carreira foi a que o lateral espanhol deu ao argentino no <strong>Santiago Bernab\u00e9u<\/strong> contra ele<strong> real Madrid <\/strong>na temporada 2016\/17. Da\u00ed surgiu a ic\u00f4nica comemora\u00e7\u00e3o de Leo tirando a camisa e mostrando-a aos torcedores \u2018brancos\u2019.<\/p>\n<p>                                                                                                                                                                                                                            A carreira de Jordi Alba<\/p>\n<h2 class=\"subtitle\">Dois titulares da Sele\u00e7\u00e3o Espanhola<\/h2>\n<p>Vicente del Bosque deu a Sergio Busquets a primeira oportunidade de brilhar pela Espanha em 2009, quando tinha apenas 20 anos, conquistando o t\u00edtulo poucos meses depois. <strong>Copa do Mundo da \u00c1frica do Sul<\/strong> em 2010, onde foi titular em todos os sete jogos. Tamb\u00e9m foi fundamental para alcan\u00e7ar o <strong>Euro 2012<\/strong>jogando todos os minutos do torneio. Com &#8216;La Roja&#8217; disputou um total de 143 partidas, das quais venceu surpreendentes 97 e conseguiu marcar dois gols internacionais. Al\u00e9m disso, \u00e9 o terceiro jogador espanhol com mais jogos pela Sele\u00e7\u00e3o Nacional (143), atr\u00e1s apenas <strong>S\u00e9rgio Ramos<\/strong> (180) e<strong> Iker Casillas<\/strong> (167).<\/p>\n<p> Jordi Alba, embora n\u00e3o tenha se sagrado campe\u00e3o mundial com a Espanha, foi pe\u00e7a fundamental para a conquista da Euro 2012. O lateral tamb\u00e9m conquistou um <strong>Liga das Na\u00e7\u00f5es da UEFA<\/strong> com a Sele\u00e7\u00e3o Nacional em 2023. Disputou um total de 93 partidas pela &#8216;La Roja&#8217;, conseguindo marcar 10 gols. Um dos mais lembrados \u00e9 justamente aquele que marcou <strong>It\u00e1lia <\/strong>na final do Euro 2012, que terminou com um retumbante 4-0 para os espanh\u00f3is.<\/p>\n<h2 class=\"subtitle\">Um encerramento de filme<\/h2>\n<p>Sergio Busquets e Jordi Alba anunciaram h\u00e1 meses que se aposentariam no final desta temporada, e marcaram o dia 6 de dezembro no calend\u00e1rio como a data desejada para isso. O <strong>Copa MLS<\/strong> Era o t\u00edtulo nacional mais relevante que faltava nas suas vitrines, e depois da decep\u00e7\u00e3o do ano passado, quando <strong>Inter Miami <\/strong>caiu na primeira rodada dos playoffs, o time e os jogadores s\u00f3 pensaram em dar uma \u00faltima alegria a duas lendas do nosso esporte.<\/p>\n<p> O Inter Miami foi praticamente invenc\u00edvel nas eliminat\u00f3rias ao t\u00edtulo, somando cinco vit\u00f3rias e apenas uma derrota. Eles eliminaram <strong>Nashville <\/strong>no d\u00e9cimo sexto sofrimento, eles se debateram <strong>Cincinnati <\/strong>j\u00e1 <strong>Cidade de Nova York<\/strong> nas quartas de final e semifinais, respectivamente, e finalmente alcan\u00e7ou o que todos sonhavam: vencer a grande final da MLS. O Inter Miami passou por cima do <strong>Whitecaps de Vancouver<\/strong> (3-1), com Thomas M\u00fcller nas fileiras da equipa visitante, a certificar um final cinematogr\u00e1fico da fase de futebol.<\/p>\n<p>      <strong>Alvorecer <\/strong>e <strong>Busquetes <\/strong>Est\u00e3o pendurando as chuteiras com estilo, depois de uma carreira repleta de sucessos. Tal como acontece com todos os jogadores, h\u00e1 sempre algumas \u2018manchas\u2019 em forma de derrotas no registo, mas no final o que prevalece \u00e9 a imagem de ambos os jogadores erguendo o trof\u00e9u da MLS Cup. Felizes, orgulhosos e em paz consigo mesmos. Agora enfrentam uma nova etapa sabendo que deram tudo em campo e que todos aqueles que os viram jogar nunca esquecer\u00e3o a sua forma de jogar e de erguer um est\u00e1dio inteiro.<\/p>\n","protected":false},"excerpt":{"rendered":"<p>Todas as etapas chegam ao fim. Sergio Busquets e Jordi Alba Este s\u00e1bado colocaram a \u00faltima pedra na sua carreira desportiva de sucesso com a conquista de mais um trof\u00e9u. O meio-campista e o zagueiro espanh\u00f3is, de 37 e 36 anos respectivamente, conquistaram o t\u00edtulo de campe\u00f5es do Copa MLSgra\u00e7as \u00e0 vit\u00f3ria de Inter Miami&#8230;<\/p>\n","protected":false},"author":1,"featured_media":14354,"comment_status":"closed","ping_status":"closed","sticky":false,"template":"","format":"standard","meta":{"footnotes":""},"categories":[4],"tags":[],"class_list":["post-14276","post","type-post","status-publish","format-standard","has-post-thumbnail","hentry","category-sports"],"_links":{"self":[{"href":"https:\/\/majorleaguesoccer.com.br\/index.php\/wp-json\/wp\/v2\/posts\/14276","targetHints":{"allow":["GET"]}}],"collection":[{"href":"https:\/\/majorleaguesoccer.com.br\/index.php\/wp-json\/wp\/v2\/posts"}],"about":[{"href":"https:\/\/majorleaguesoccer.com.br\/index.php\/wp-json\/wp\/v2\/types\/post"}],"author":[{"embeddable":true,"href":"https:\/\/majorleaguesoccer.com.br\/index.php\/wp-json\/wp\/v2\/users\/1"}],"replies":[{"embeddable":true,"href":"https:\/\/majorleaguesoccer.com.br\/index.php\/wp-json\/wp\/v2\/comments?post=14276"}],"version-history":[{"count":7,"href":"https:\/\/majorleaguesoccer.com.br\/index.php\/wp-json\/wp\/v2\/posts\/14276\/revisions"}],"predecessor-version":[{"id":14353,"href":"https:\/\/majorleaguesoccer.com.br\/index.php\/wp-json\/wp\/v2\/posts\/14276\/revisions\/14353"}],"wp:featuredmedia":[{"embeddable":true,"href":"https:\/\/majorleaguesoccer.com.br\/index.php\/wp-json\/wp\/v2\/media\/14354"}],"wp:attachment":[{"href":"https:\/\/majorleaguesoccer.com.br\/index.php\/wp-json\/wp\/v2\/media?parent=14276"}],"wp:term":[{"taxonomy":"category","embeddable":true,"href":"https:\/\/majorleaguesoccer.com.br\/index.php\/wp-json\/wp\/v2\/categories?post=14276"},{"taxonomy":"post_tag","embeddable":true,"href":"https:\/\/majorleaguesoccer.com.br\/index.php\/wp-json\/wp\/v2\/tags?post=14276"}],"curies":[{"name":"wp","href":"https:\/\/api.w.org\/{rel}","templated":true}]}}