{"id":14357,"date":"2025-12-10T09:52:48","date_gmt":"2025-12-12T06:53:35","guid":{"rendered":"https:\/\/majorleaguesoccer.com.br\/index.php\/2025\/12\/10\/atiram-em-ex-jogador-do-barca-voce-pode-coloca-los-onde-couberem\/"},"modified":"2025-12-12T03:53:38","modified_gmt":"2025-12-12T06:53:38","slug":"atiram-em-ex-jogador-do-barca-voce-pode-coloca-los-onde-couberem","status":"publish","type":"post","link":"https:\/\/majorleaguesoccer.com.br\/index.php\/2025\/12\/10\/atiram-em-ex-jogador-do-barca-voce-pode-coloca-los-onde-couberem\/","title":{"rendered":"Atiram em ex-jogador do Bar\u00e7a: \u201cVoc\u00ea pode coloc\u00e1-los onde couberem\u201d"},"content":{"rendered":"<p>                                                                                                                                                                                                                                                                                                                                                                                                                                                                                                                                                                                                                                                                                                                                                                                                                                                                                                                                                                                                                                                                                                                                                                                                                                                                                                                                                                                                                                                                                                                                                                                                                                                                                                                                                                                                                                                                                                                                                                                                                                                                                                                                                  Dennis te Kloese, diretor executivo holand\u00eas da <strong>Gal\u00e1xia <\/strong>de Los Angeles, onde jogou apenas uma temporada<strong> Zlatan Ibrahimovic <\/strong>(44), detalha como o corpulento atacante sueco deixou o clube da MLS no inverno de 2019, antes de anunciar seu retorno livre ao Milan, clube do qual se aposentaria. No podcast &#8216;Dutch Dragons&#8217;, o ent\u00e3o CEO do clube diz que foi sua decis\u00e3o que Zlatan n\u00e3o continuasse.<\/p>\n<p> &#8220;Ibrahimovic ficou um pouco mais velho e n\u00e3o \u00edamos renovar seu contrato. Ningu\u00e9m em toda a organiza\u00e7\u00e3o se atreveu a contar a ele, ent\u00e3o tive que cuidar de tudo. Eu disse a ele: &#8216;Ibra, vou ser honesto com voc\u00ea, n\u00e3o vamos renovar seu contrato.&#8217; Ele respondeu: &#8216;Voc\u00ea est\u00e1 errado.&#8217; apto'&#8221;, ele disse \u00e0 &#8216;Voetbal International&#8217;.<\/p>\n<p> O contexto era que Zlatan Ibrahimovic costumava estar no escrit\u00f3rio dia sim, dia n\u00e3o para expressar o seu descontentamento com o clube, a liga e o jogo da equipa. Dennis te Kloese oferecia-lhe ent\u00e3o a especialidade holandesa: os stroopwafels, que s\u00e3o uma esp\u00e9cie de waffles duros com calda, algo que o sueco gostava muito. \u201cEle \u00e9 um menino muito especial. Ele realmente acredita que \u00e9 Deus\u201d, acrescenta Dennis te Kloese.<\/p>\n","protected":false},"excerpt":{"rendered":"<p>Dennis te Kloese, diretor executivo holand\u00eas da Gal\u00e1xia de Los Angeles, onde jogou apenas uma temporada Zlatan Ibrahimovic (44), detalha como o corpulento atacante sueco deixou o clube da MLS no inverno de 2019, antes de anunciar seu retorno livre ao Milan, clube do qual se aposentaria. No podcast &#8216;Dutch Dragons&#8217;, o ent\u00e3o CEO do&#8230;<\/p>\n","protected":false},"author":1,"featured_media":14402,"comment_status":"closed","ping_status":"closed","sticky":false,"template":"","format":"standard","meta":{"footnotes":""},"categories":[4],"tags":[],"class_list":["post-14357","post","type-post","status-publish","format-standard","has-post-thumbnail","hentry","category-sports"],"_links":{"self":[{"href":"https:\/\/majorleaguesoccer.com.br\/index.php\/wp-json\/wp\/v2\/posts\/14357","targetHints":{"allow":["GET"]}}],"collection":[{"href":"https:\/\/majorleaguesoccer.com.br\/index.php\/wp-json\/wp\/v2\/posts"}],"about":[{"href":"https:\/\/majorleaguesoccer.com.br\/index.php\/wp-json\/wp\/v2\/types\/post"}],"author":[{"embeddable":true,"href":"https:\/\/majorleaguesoccer.com.br\/index.php\/wp-json\/wp\/v2\/users\/1"}],"replies":[{"embeddable":true,"href":"https:\/\/majorleaguesoccer.com.br\/index.php\/wp-json\/wp\/v2\/comments?post=14357"}],"version-history":[{"count":1,"href":"https:\/\/majorleaguesoccer.com.br\/index.php\/wp-json\/wp\/v2\/posts\/14357\/revisions"}],"predecessor-version":[{"id":14362,"href":"https:\/\/majorleaguesoccer.com.br\/index.php\/wp-json\/wp\/v2\/posts\/14357\/revisions\/14362"}],"wp:featuredmedia":[{"embeddable":true,"href":"https:\/\/majorleaguesoccer.com.br\/index.php\/wp-json\/wp\/v2\/media\/14402"}],"wp:attachment":[{"href":"https:\/\/majorleaguesoccer.com.br\/index.php\/wp-json\/wp\/v2\/media?parent=14357"}],"wp:term":[{"taxonomy":"category","embeddable":true,"href":"https:\/\/majorleaguesoccer.com.br\/index.php\/wp-json\/wp\/v2\/categories?post=14357"},{"taxonomy":"post_tag","embeddable":true,"href":"https:\/\/majorleaguesoccer.com.br\/index.php\/wp-json\/wp\/v2\/tags?post=14357"}],"curies":[{"name":"wp","href":"https:\/\/api.w.org\/{rel}","templated":true}]}}