{"id":15224,"date":"2026-01-16T00:51:26","date_gmt":"2026-01-19T08:50:57","guid":{"rendered":"https:\/\/majorleaguesoccer.com.br\/index.php\/2026\/01\/16\/o-jogador-do-villarreal-que-interessou-o-barca-ha-10-anos-e-hoje-joga-no-orlando-city\/"},"modified":"2026-01-19T05:51:02","modified_gmt":"2026-01-19T08:51:02","slug":"o-jogador-do-villarreal-que-interessou-o-barca-ha-10-anos-e-hoje-joga-no-orlando-city","status":"publish","type":"post","link":"https:\/\/majorleaguesoccer.com.br\/index.php\/2026\/01\/16\/o-jogador-do-villarreal-que-interessou-o-barca-ha-10-anos-e-hoje-joga-no-orlando-city\/","title":{"rendered":"Da sequ\u00eancia do Bar\u00e7a \u00e0 reconstru\u00e7\u00e3o na MLS: a longa jornada de Adri\u00e1n Mar\u00edn"},"content":{"rendered":"<p>                                                                                                                                                                                                                                                                                                                                                                                                                                                                                                                                                                                                                                                                                                                                                                                                                                                                                                                                                                                                                                                                                                                                                                                                                                                                                                                                                                                                                                                                                                                                                                                                                                                                                                                                                                                                                                                                                                                                                                                                                                                                                                                                                  Ele <strong>16 de janeiro de 2016<\/strong>H\u00e1 exatos dez anos, dois jogadores de futebol apareceram na capa da edi\u00e7\u00e3o impressa do Mundo Deportivo. Robert Fern\u00e1ndez, ent\u00e3o chefe da \u00e1rea esportiva do Bar\u00e7a, buscava o mercado de inverno daquele ano em busca de um zagueiro central e um lateral canhoto para refor\u00e7ar o time.<\/p>\n<p> MD explicou ent\u00e3o que um dos poss\u00edveis jogadores que poderiam caber no elenco blaugrana era o jovem zagueiro do Villarreal. <strong>Adriano Marina<\/strong>. A capa da nossa edi\u00e7\u00e3o impressa dizia naquele dia que Robert Fern\u00e1ndez tinha ido ao campo da Cer\u00e1mica para &#8216;espionar&#8217; a evolu\u00e7\u00e3o de dois jogadores:<strong>Aymeric Laporte<\/strong>(Atl\u00e9tico) e<strong>Adriano Marina<\/strong>.<\/p>\n<p> Nessa altura o jovem murciano j\u00e1 estava na din\u00e2mica da primeira equipa &#8216;groguet&#8217; depois de ter se destacado nas categorias de base em 2013-2014. O texto de Oriol Dom\u00e8nech afirmava que o jogador estava a fazer uma evolu\u00e7\u00e3o espectacular: \u201cO lateral-esquerdo j\u00e1 se consolidou no Villarreal e Marcelino confia cegamente nele, como tem demonstrado nos \u00faltimos jogos, depois da tor\u00e7\u00e3o no tornozelo sofrida por Jaume Costa. <strong>destaca-se pela sua capacidade defensiva e poder f\u00edsico<\/strong>&#8220;.<\/p>\n<p>                                                                                                                                                                                                                             Adri\u00e1n Mar\u00edn contra Garth Bale, em partida da Liga 2018<\/p>\n<p>                                                       FOTO: EFE                                                 A realidade \u00e9 que tudo foi arruinado. O clube de Castell\u00f3n deu o <strong>Legan\u00e9s<\/strong>que acabava de ser promovido \u00e0 Primeira Divis\u00e3o, para que pudesse ter minutos e ganhar experi\u00eancia na categoria mais alta. N\u00e3o explodiu totalmente no time de Madrid e voltou a ser transferido no ver\u00e3o de 2018 para<strong> Alav\u00e9s<\/strong>.<\/p>\n<p> A experi\u00eancia em Vit\u00f3ria tamb\u00e9m n\u00e3o foi positiva e no mercado de inverno o<strong> Granada <\/strong>ele fez sua assinatura.<\/p>\n<p> No ver\u00e3o de 2023 teria in\u00edcio a jornada do jogador em Portugal. <strong>Famelic\u00e3o<\/strong> primeiro (por empr\u00e9stimo), <strong>Gil Vicente<\/strong> (transferido) e finalmente o <strong>Calcinha<\/strong> Foram as suas tr\u00eas equipas portuguesas da Primeira Primeira, nas quais se inscreveu em temporadas sucessivas.<\/p>\n<p>                                                                                                                                                                                                                             Adrian Marin, do Gil Vicente, tenta deixar o ex-azulgrana Trinc\u00e3o em jogo da Liga portuguesa disputado em setembro de 2022<\/p>\n<p>                                                       FOTO: EFE                                                                                                                                                                                                                                                                            Adri\u00e1n Mar\u00edn posa com a camisa do Orlando FC<\/p>\n<p>                                                                  desde o ver\u00e3o passado <strong>Adri\u00e1n Mar\u00edn defende as cores do Orlando City da MLS<\/strong> Norte-americano. Sem d\u00favida, a hist\u00f3ria de um jogador que mostrou grande potencial e que at\u00e9 o Bar\u00e7a passou a notar. Mas o destino, depois de ter tido oportunidades em v\u00e1rias equipas em Espanha, levar-lhe-ia a triunfar primeiro em Portugal e depois na MLS americana.<\/p>\n","protected":false},"excerpt":{"rendered":"<p>Ele 16 de janeiro de 2016H\u00e1 exatos dez anos, dois jogadores de futebol apareceram na capa da edi\u00e7\u00e3o impressa do Mundo Deportivo. Robert Fern\u00e1ndez, ent\u00e3o chefe da \u00e1rea esportiva do Bar\u00e7a, buscava o mercado de inverno daquele ano em busca de um zagueiro central e um lateral canhoto para refor\u00e7ar o time. MD explicou ent\u00e3o&#8230;<\/p>\n","protected":false},"author":1,"featured_media":15308,"comment_status":"closed","ping_status":"closed","sticky":false,"template":"","format":"standard","meta":{"footnotes":""},"categories":[4],"tags":[],"class_list":["post-15224","post","type-post","status-publish","format-standard","has-post-thumbnail","hentry","category-sports"],"_links":{"self":[{"href":"https:\/\/majorleaguesoccer.com.br\/index.php\/wp-json\/wp\/v2\/posts\/15224","targetHints":{"allow":["GET"]}}],"collection":[{"href":"https:\/\/majorleaguesoccer.com.br\/index.php\/wp-json\/wp\/v2\/posts"}],"about":[{"href":"https:\/\/majorleaguesoccer.com.br\/index.php\/wp-json\/wp\/v2\/types\/post"}],"author":[{"embeddable":true,"href":"https:\/\/majorleaguesoccer.com.br\/index.php\/wp-json\/wp\/v2\/users\/1"}],"replies":[{"embeddable":true,"href":"https:\/\/majorleaguesoccer.com.br\/index.php\/wp-json\/wp\/v2\/comments?post=15224"}],"version-history":[{"count":2,"href":"https:\/\/majorleaguesoccer.com.br\/index.php\/wp-json\/wp\/v2\/posts\/15224\/revisions"}],"predecessor-version":[{"id":15235,"href":"https:\/\/majorleaguesoccer.com.br\/index.php\/wp-json\/wp\/v2\/posts\/15224\/revisions\/15235"}],"wp:featuredmedia":[{"embeddable":true,"href":"https:\/\/majorleaguesoccer.com.br\/index.php\/wp-json\/wp\/v2\/media\/15308"}],"wp:attachment":[{"href":"https:\/\/majorleaguesoccer.com.br\/index.php\/wp-json\/wp\/v2\/media?parent=15224"}],"wp:term":[{"taxonomy":"category","embeddable":true,"href":"https:\/\/majorleaguesoccer.com.br\/index.php\/wp-json\/wp\/v2\/categories?post=15224"},{"taxonomy":"post_tag","embeddable":true,"href":"https:\/\/majorleaguesoccer.com.br\/index.php\/wp-json\/wp\/v2\/tags?post=15224"}],"curies":[{"name":"wp","href":"https:\/\/api.w.org\/{rel}","templated":true}]}}