{"id":15331,"date":"2026-01-20T02:51:34","date_gmt":"2026-01-30T17:51:59","guid":{"rendered":"https:\/\/majorleaguesoccer.com.br\/index.php\/2026\/01\/20\/oficial-inter-miami-contrata-atacante-argentino-para-2026\/"},"modified":"2026-01-30T14:52:00","modified_gmt":"2026-01-30T17:52:00","slug":"oficial-inter-miami-contrata-atacante-argentino-para-2026","status":"publish","type":"post","link":"https:\/\/majorleaguesoccer.com.br\/index.php\/2026\/01\/20\/oficial-inter-miami-contrata-atacante-argentino-para-2026\/","title":{"rendered":"OFICIAL: Inter Miami contrata atacante argentino para 2026"},"content":{"rendered":"<p><b>Inter Miami da MLS<\/b> anunciou nesta segunda-feira a contrata\u00e7\u00e3o definitiva do atacante argentino <b>Tadeu Allende<\/b> vindo do <b>Real Clube Celta de Vigo<\/b>encerrando assim a opera\u00e7\u00e3o que p\u00f5e fim \u00e0 miss\u00e3o que o atacante cumpriu com o clube da Fl\u00f3rida durante a temporada de 2025. O clube confirmou que Allende assinou um contrato de longo prazo e que far\u00e1 parte do elenco para a temporada de 2026.<\/p>\n<p>                          <b>Voc\u00ea pode se interessar: o Cruz Azul o desprezou e agora ele est\u00e1 despontando na elite europeia com uma sequ\u00eancia impressionante de gols<\/b>               <\/p>\n<p>     M\u00e9xico x Bol\u00edvia AO VIVO e GRATUITO, jogo de prepara\u00e7\u00e3o para a Copa do Mundo FIFA 2026<\/p>\n<p>      De acordo com o comunicado oficial da atual sele\u00e7\u00e3o de futebol dos Estados Unidos, <b>Allende<\/b> assinou contrato at\u00e9 junho de 2030, com op\u00e7\u00e3o de prorroga\u00e7\u00e3o at\u00e9 junho de 2031, o que reflete a vontade da diretoria em garantir o jogador de futebol a m\u00e9dio prazo. O acordo surge ap\u00f3s um per\u00edodo de negocia\u00e7\u00e3o com <b>Celta de Vigo<\/b>que detinha os direitos do jogador, que tinha apenas seis meses restantes de contrato com a sele\u00e7\u00e3o galega,<\/p>\n<p> O valor da transfer\u00eancia ronda os cinco milh\u00f5es de euros e a transfer\u00eancia est\u00e1 sujeita ao processamento do Certificado de Transfer\u00eancia Internacional (ITC) e \u00e0 abertura formal do mercado MLS, requisitos comuns neste tipo de opera\u00e7\u00f5es de ligas estrangeiras.<\/p>\n<h2>O grande 2025 de Tadeo Allende no Inter Miami<\/h2>\n<p>      <b>Allende chega precedido de campanha not\u00e1vel pelo Inter Miami<\/b>Durante o empr\u00e9stimo em 2025, ele se consolidou como pe\u00e7a-chave na fase final do percurso, incluindo um excelente desempenho nos playoffs que lhe permitiu quebrar o recorde de gols em uma \u00fanica p\u00f3s-temporada da MLS com nove gols e marcar na final que deu ao Miami seu primeiro t\u00edtulo da liga. Esse desempenho foi fator determinante para a decis\u00e3o final de compra da diretoria.<\/p>\n<h2>Por que a incorpora\u00e7\u00e3o de Tadeo Allende \u00e9 t\u00e3o importante para o Inter Miami?<\/h2>\n<p>      A incorpora\u00e7\u00e3o mant\u00e9m o esquema de prioridades do clube, Allende ocupar\u00e1 uma vaga internacional no elenco e sua continuidade significa refor\u00e7ar a profundidade ofensiva sem alterar significativamente a estrutura salarial, j\u00e1 que n\u00e3o se prev\u00ea que ocupe uma das vagas de Jogador Designado j\u00e1 escolhidas. Al\u00e9m disso, a contrata\u00e7\u00e3o freia o interesse de outros clubes que haviam demonstrado aten\u00e7\u00e3o ao atacante, inclusive times argentinos que acompanhavam a situa\u00e7\u00e3o.<\/p>\n<p>O Inter Miami optou por manter o arquiteto de seu mais recente sucesso; Allende chega com um longo contrato, experi\u00eancia no elenco e grandes expectativas para contribuir na defesa do t\u00edtulo e na ambi\u00e7\u00e3o esportiva do clube nas pr\u00f3ximas temporadas.<\/p>\n<p>                         <b>Voc\u00ea pode estar interessado: O colombiano que Monterrey procura para substituir Germ\u00e1n Berterame<\/b>               <\/p>\n","protected":false},"excerpt":{"rendered":"<p>Inter Miami da MLS anunciou nesta segunda-feira a contrata\u00e7\u00e3o definitiva do atacante argentino Tadeu Allende vindo do Real Clube Celta de Vigoencerrando assim a opera\u00e7\u00e3o que p\u00f5e fim \u00e0 miss\u00e3o que o atacante cumpriu com o clube da Fl\u00f3rida durante a temporada de 2025. O clube confirmou que Allende assinou um contrato de longo prazo&#8230;<\/p>\n","protected":false},"author":1,"featured_media":15587,"comment_status":"closed","ping_status":"closed","sticky":false,"template":"","format":"standard","meta":{"footnotes":""},"categories":[4],"tags":[],"class_list":["post-15331","post","type-post","status-publish","format-standard","has-post-thumbnail","hentry","category-sports"],"_links":{"self":[{"href":"https:\/\/majorleaguesoccer.com.br\/index.php\/wp-json\/wp\/v2\/posts\/15331","targetHints":{"allow":["GET"]}}],"collection":[{"href":"https:\/\/majorleaguesoccer.com.br\/index.php\/wp-json\/wp\/v2\/posts"}],"about":[{"href":"https:\/\/majorleaguesoccer.com.br\/index.php\/wp-json\/wp\/v2\/types\/post"}],"author":[{"embeddable":true,"href":"https:\/\/majorleaguesoccer.com.br\/index.php\/wp-json\/wp\/v2\/users\/1"}],"replies":[{"embeddable":true,"href":"https:\/\/majorleaguesoccer.com.br\/index.php\/wp-json\/wp\/v2\/comments?post=15331"}],"version-history":[{"count":6,"href":"https:\/\/majorleaguesoccer.com.br\/index.php\/wp-json\/wp\/v2\/posts\/15331\/revisions"}],"predecessor-version":[{"id":15582,"href":"https:\/\/majorleaguesoccer.com.br\/index.php\/wp-json\/wp\/v2\/posts\/15331\/revisions\/15582"}],"wp:featuredmedia":[{"embeddable":true,"href":"https:\/\/majorleaguesoccer.com.br\/index.php\/wp-json\/wp\/v2\/media\/15587"}],"wp:attachment":[{"href":"https:\/\/majorleaguesoccer.com.br\/index.php\/wp-json\/wp\/v2\/media?parent=15331"}],"wp:term":[{"taxonomy":"category","embeddable":true,"href":"https:\/\/majorleaguesoccer.com.br\/index.php\/wp-json\/wp\/v2\/categories?post=15331"},{"taxonomy":"post_tag","embeddable":true,"href":"https:\/\/majorleaguesoccer.com.br\/index.php\/wp-json\/wp\/v2\/tags?post=15331"}],"curies":[{"name":"wp","href":"https:\/\/api.w.org\/{rel}","templated":true}]}}