{"id":2234,"date":"2024-06-10T03:22:51","date_gmt":"2024-06-16T05:58:54","guid":{"rendered":"https:\/\/majorleaguesoccer.com.br\/index.php\/2024\/06\/10\/dallas-de-illarramendi-dispensa-o-valenciano-nico-estevez\/"},"modified":"2024-06-16T02:59:01","modified_gmt":"2024-06-16T05:59:01","slug":"dallas-de-illarramendi-dispensa-o-valenciano-nico-estevez","status":"publish","type":"post","link":"https:\/\/majorleaguesoccer.com.br\/index.php\/2024\/06\/10\/dallas-de-illarramendi-dispensa-o-valenciano-nico-estevez\/","title":{"rendered":"Dallas, de Illarramendi, dispensa o valenciano Nico Est\u00e9vez"},"content":{"rendered":"<p>                                                                                                                                                                                                                                                                                                                                                                                                                                                                                                                                                                                                                                                                                                                                                                                                                                                                                                                                                                                                                                                                                                                                                                                                                                                                                                                                                                                                                                                                                                                                                                                                                                                                                                                                                                                                                                                                                                                                                                                                                                                                                                                                 Ele <strong>FCDallas<\/strong> da MLS anunciou neste domingo que o espanhol <strong>Nico Estevez <\/strong>deixou de ser o seu treinador e que o seu cargo ser\u00e1 ocupado interinamente pelo seu treinador adjunto, o franc\u00eas Peter Luccin.  O presidente do clube texano, Dan Hunt, afirmou em comunicado que \u201c\u00e9 sempre uma decis\u00e3o dif\u00edcil\u201d optar por uma mudan\u00e7a no banco, mas considerou que esta mudan\u00e7a \u201c\u00e9 do interesse da equipa\u201d.<\/p>\n<p> \u201cQuero agradecer ao Nico por tudo o que ele fez pelo clube, incluindo algumas \u00f3timas lembran\u00e7as dos playoffs\u201d, disse ele.  Dallas contratou Est\u00e9vez em dezembro de 2021 e o espanhol classificou o time para os playoffs da MLS Cup em 2022 e 2023. Ele tamb\u00e9m chegou \u00e0 fase de mata-mata na primeira edi\u00e7\u00e3o da Copa das Ligas (2023).<\/p>\n<p> Na temporada regular da MLS, Est\u00e9vez registrou 28 vit\u00f3rias, 27 derrotas e 28 empates no total durante sua passagem por Dallas, mas nesta temporada as coisas n\u00e3o estavam indo nada bem com apenas 3 vit\u00f3rias, 8 derrotas e 5 empates no campeonato que os deixou Eles ficaram em pen\u00faltimo lugar no Oeste com apenas 14 pontos.<\/p>\n<p> A sa\u00edda do treinador ocorreu um dia depois de o Dallas empatar em 1 a 1 na visita ao Minnesota United, que marcou o quinto jogo seguido sem vencer na MLS (tr\u00eas empates e duas derrotas).  Em Dallas, destacam-se jogadores como o colombiano-americano Jes\u00fas Ferreira, o basco Asier Illarramendi e o argentino Alan Velasco, atualmente lesionado.<\/p>\n","protected":false},"excerpt":{"rendered":"<p>Ele FCDallas da MLS anunciou neste domingo que o espanhol Nico Estevez deixou de ser o seu treinador e que o seu cargo ser\u00e1 ocupado interinamente pelo seu treinador adjunto, o franc\u00eas Peter Luccin. O presidente do clube texano, Dan Hunt, afirmou em comunicado que \u201c\u00e9 sempre uma decis\u00e3o dif\u00edcil\u201d optar por uma mudan\u00e7a no&#8230;<\/p>\n","protected":false},"author":1,"featured_media":2361,"comment_status":"closed","ping_status":"closed","sticky":false,"template":"","format":"standard","meta":{"footnotes":""},"categories":[4],"tags":[],"class_list":["post-2234","post","type-post","status-publish","format-standard","has-post-thumbnail","hentry","category-sports"],"_links":{"self":[{"href":"https:\/\/majorleaguesoccer.com.br\/index.php\/wp-json\/wp\/v2\/posts\/2234","targetHints":{"allow":["GET"]}}],"collection":[{"href":"https:\/\/majorleaguesoccer.com.br\/index.php\/wp-json\/wp\/v2\/posts"}],"about":[{"href":"https:\/\/majorleaguesoccer.com.br\/index.php\/wp-json\/wp\/v2\/types\/post"}],"author":[{"embeddable":true,"href":"https:\/\/majorleaguesoccer.com.br\/index.php\/wp-json\/wp\/v2\/users\/1"}],"replies":[{"embeddable":true,"href":"https:\/\/majorleaguesoccer.com.br\/index.php\/wp-json\/wp\/v2\/comments?post=2234"}],"version-history":[{"count":3,"href":"https:\/\/majorleaguesoccer.com.br\/index.php\/wp-json\/wp\/v2\/posts\/2234\/revisions"}],"predecessor-version":[{"id":2360,"href":"https:\/\/majorleaguesoccer.com.br\/index.php\/wp-json\/wp\/v2\/posts\/2234\/revisions\/2360"}],"wp:featuredmedia":[{"embeddable":true,"href":"https:\/\/majorleaguesoccer.com.br\/index.php\/wp-json\/wp\/v2\/media\/2361"}],"wp:attachment":[{"href":"https:\/\/majorleaguesoccer.com.br\/index.php\/wp-json\/wp\/v2\/media?parent=2234"}],"wp:term":[{"taxonomy":"category","embeddable":true,"href":"https:\/\/majorleaguesoccer.com.br\/index.php\/wp-json\/wp\/v2\/categories?post=2234"},{"taxonomy":"post_tag","embeddable":true,"href":"https:\/\/majorleaguesoccer.com.br\/index.php\/wp-json\/wp\/v2\/tags?post=2234"}],"curies":[{"name":"wp","href":"https:\/\/api.w.org\/{rel}","templated":true}]}}