{"id":385,"date":"2024-03-22T03:28:27","date_gmt":"2024-03-24T07:19:46","guid":{"rendered":"https:\/\/majorleaguesoccer.com.br\/index.php\/2024\/03\/22\/momento-de-quebra-eles-filtram-uma-foto-de-cabecita-rodriguez-com-sua-nova-equipe\/"},"modified":"2024-03-24T04:19:56","modified_gmt":"2024-03-24T07:19:56","slug":"momento-de-quebra-eles-filtram-uma-foto-de-cabecita-rodriguez-com-sua-nova-equipe","status":"publish","type":"post","link":"https:\/\/majorleaguesoccer.com.br\/index.php\/2024\/03\/22\/momento-de-quebra-eles-filtram-uma-foto-de-cabecita-rodriguez-com-sua-nova-equipe\/","title":{"rendered":"MOMENTO DE QUEBRA: Eles filtram uma foto de &#39;Cabecita&#39; Rodr\u00edguez com sua nova equipe"},"content":{"rendered":"<p>Depois de semanas de negocia\u00e7\u00f5es, <b>J\u00f4natas<\/b> <b>Rodr\u00edguez<\/b> teria chegado a um acordo com sua nova equipe: o futebolista uruguaio de 30 anos j\u00e1 vestia as cores de sua nova institui\u00e7\u00e3o, conforme vazou em foto publicada nas redes sociais;  o apelidado &#8216;<b>Cabecinha<\/b>&#8216;se despede do <b>Liga BBVA MX<\/b> Ap\u00f3s a segunda etapa, sai campe\u00e3o com o Club Am\u00e9rica, seu terceiro t\u00edtulo na primeira divis\u00e3o do futebol mexicano.<\/p>\n<p>Atrav\u00e9s das redes sociais, <b>J\u00f4natas<\/b> &#8216;<b>Cabecinha<\/b>&#8216; <b>Rodr\u00edguez<\/b> posou com uma camiseta <b>Portland<\/b> <b>Madeiras<\/b>uma equipe que teria chegado a um acordo com o Clube <b>Am\u00e9rica<\/b> pela contrata\u00e7\u00e3o do futebolista uruguaio.  Diversos relatos afirmam que a equipe da MLS atendeu \u00e0s demandas financeiras de Las \u00c1guilas para concretizar a contrata\u00e7\u00e3o do jogador.<\/p>\n<p>Voc\u00ea pode estar interessado: <b>V\u00cdDEO: Essa foi a gritaria racista contra Juli\u00e1n Qui\u00f1ones no Est\u00e1dio Akron durante Chivas x Am\u00e9rica<\/b><\/p>\n<h2>Eles filtram uma foto de Jonathan &#8216;Cabecita&#8217; Rodr\u00edguez com a camisa do Portland Timbers<\/h2>\n<h2>&#8216;Cabecita&#8217; Rodr\u00edguez seria o novo jogador do Portland Timbers<\/h2>\n<p>         Seria uma quest\u00e3o de tempo at\u00e9 a chegada de <b>J\u00f4natas<\/b> &#8216;<b>Cabecinha<\/b>&#8216; <b>Rodr\u00edguez<\/b> para o <b>Portland<\/b> <b>Madeiras<\/b> no <b>MLS<\/b>.  At\u00e9 o momento, ap\u00f3s quatro jogos de campanha, o que seria o novo time do futebolista uruguaio ocupa a terceira posi\u00e7\u00e3o na Confer\u00eancia Oeste.<\/p>\n<p><b>Portland<\/b> <b>Madeiras<\/b> busca seu segundo t\u00edtulo na hist\u00f3ria do <b>MLS<\/b>: Foi na campanha de 2015 que terminaram como campe\u00f5es ap\u00f3s vencer o Columbus Crew na grande final.  Al\u00e9m disso, em 2018 e 2021 chegaram \u00e0 disputa do t\u00edtulo;  No entanto, eles perderam para Atlanta United e New York City FC.<\/p>\n<p>O todo do <b>MLS<\/b>que atingiria <b>J\u00f4natas<\/b> &#8216;<b>Cabecinha<\/b>&#8216; <b>Rodr\u00edguez<\/b>tamb\u00e9m enviou oferta ao Rayados por Germ\u00e1n Berterame: <b>Portland<\/b> <b>Madeiras<\/b> teria oferecido 15 milh\u00f5es de d\u00f3lares pelo atacante de 25 anos do La Pandilla;  Por\u00e9m, por enquanto, as negocia\u00e7\u00f5es entre os dois clubes n\u00e3o avan\u00e7aram.<\/p>\n<h2>Quando Jonathan &#8216;Cabecita&#8217; Rodr\u00edguez estrearia no Portland Timbers?<\/h2>\n<p>         A pr\u00f3xima partida de <b>Portland<\/b> <b>Madeiras<\/b> no <b>MLS<\/b> Ser\u00e1 no s\u00e1bado, 23 de mar\u00e7o, quando eles receberem o Philadelphia Union em Providence Park, partida que pode ser a primeira de <b>J\u00f4natas<\/b> &#8216;<b>Cabecinha<\/b>&#8216; <b>Rodr\u00edguez<\/b>caso sua contrata\u00e7\u00e3o seja confirmada antes.<\/p>\n<p>                           Voc\u00ea pode estar interessado: <b>Quantos jogos o Akron Stadium seria suspenso devido a atos racistas contra Juli\u00e1n Qui\u00f1ones?<\/b><\/p>\n<p>             Gol de &#8216;Cabecita&#8217; Rodr\u00edguez |  Am\u00e9rica 3-0 Tigres Final Abertura 2023<\/p>\n","protected":false},"excerpt":{"rendered":"<p>Depois de semanas de negocia\u00e7\u00f5es, J\u00f4natas Rodr\u00edguez teria chegado a um acordo com sua nova equipe: o futebolista uruguaio de 30 anos j\u00e1 vestia as cores de sua nova institui\u00e7\u00e3o, conforme vazou em foto publicada nas redes sociais; o apelidado &#8216;Cabecinha&#8216;se despede do Liga BBVA MX Ap\u00f3s a segunda etapa, sai campe\u00e3o com o Club&#8230;<\/p>\n","protected":false},"author":1,"featured_media":434,"comment_status":"closed","ping_status":"closed","sticky":false,"template":"","format":"standard","meta":{"footnotes":""},"categories":[4],"tags":[],"class_list":["post-385","post","type-post","status-publish","format-standard","has-post-thumbnail","hentry","category-sports"],"_links":{"self":[{"href":"https:\/\/majorleaguesoccer.com.br\/index.php\/wp-json\/wp\/v2\/posts\/385","targetHints":{"allow":["GET"]}}],"collection":[{"href":"https:\/\/majorleaguesoccer.com.br\/index.php\/wp-json\/wp\/v2\/posts"}],"about":[{"href":"https:\/\/majorleaguesoccer.com.br\/index.php\/wp-json\/wp\/v2\/types\/post"}],"author":[{"embeddable":true,"href":"https:\/\/majorleaguesoccer.com.br\/index.php\/wp-json\/wp\/v2\/users\/1"}],"replies":[{"embeddable":true,"href":"https:\/\/majorleaguesoccer.com.br\/index.php\/wp-json\/wp\/v2\/comments?post=385"}],"version-history":[{"count":1,"href":"https:\/\/majorleaguesoccer.com.br\/index.php\/wp-json\/wp\/v2\/posts\/385\/revisions"}],"predecessor-version":[{"id":393,"href":"https:\/\/majorleaguesoccer.com.br\/index.php\/wp-json\/wp\/v2\/posts\/385\/revisions\/393"}],"wp:featuredmedia":[{"embeddable":true,"href":"https:\/\/majorleaguesoccer.com.br\/index.php\/wp-json\/wp\/v2\/media\/434"}],"wp:attachment":[{"href":"https:\/\/majorleaguesoccer.com.br\/index.php\/wp-json\/wp\/v2\/media?parent=385"}],"wp:term":[{"taxonomy":"category","embeddable":true,"href":"https:\/\/majorleaguesoccer.com.br\/index.php\/wp-json\/wp\/v2\/categories?post=385"},{"taxonomy":"post_tag","embeddable":true,"href":"https:\/\/majorleaguesoccer.com.br\/index.php\/wp-json\/wp\/v2\/tags?post=385"}],"curies":[{"name":"wp","href":"https:\/\/api.w.org\/{rel}","templated":true}]}}