{"id":6126,"date":"2024-12-13T02:19:42","date_gmt":"2024-12-24T22:42:49","guid":{"rendered":"https:\/\/majorleaguesoccer.com.br\/index.php\/2024\/12\/13\/uma-joia-inter-miami-apresenta-sua-nova-camisa-para-a-temporada-2025\/"},"modified":"2024-12-24T19:42:59","modified_gmt":"2024-12-24T22:42:59","slug":"uma-joia-inter-miami-apresenta-sua-nova-camisa-para-a-temporada-2025","status":"publish","type":"post","link":"https:\/\/majorleaguesoccer.com.br\/index.php\/2024\/12\/13\/uma-joia-inter-miami-apresenta-sua-nova-camisa-para-a-temporada-2025\/","title":{"rendered":"UMA J\u00d3IA! Inter Miami apresenta sua nova camisa para a temporada 2025"},"content":{"rendered":"<p>                 Nesta quinta-feira, 12 de dezembro de 2024, todo o <b>InterMiami,<\/b> Atrav\u00e9s de suas redes sociais, eles apresentaram a nova camisa que usar\u00e3o na temporada 2025. A camisa se destaca pelas cores que colocam porque tem tons de preto, um pouco de cinza, e alguns detalhes rosa se destacam.   <\/p>\n<p>   \u201cEsses tons mostram confian\u00e7a e determina\u00e7\u00e3o, refletindo a mentalidade necess\u00e1ria para superar desafios e emergir mais forte.\u201d   <\/p>\n<p>       Camisa Fortitude: Inter Miami CF revela novo kit fora de casa antes da temporada de 2025 \ud83d\udda4<\/p>\n<p>Detalhes:                   https:\/\/t.co\/TuobFxDVuW                          pic.twitter.com\/7IbJaSUR5I       <\/p>\n<p>\u2013 Inter Miami CF (@InterMiamiCF)                   12 de dezembro de 2024          <\/p>\n<p>          O clube revelou que a camisa leva o nome \u201cFortitude\u201d, que vem da palavra \u201cFortis\u201d. O que significa for\u00e7a e coragem, representa resili\u00eancia e determina\u00e7\u00e3o.   <\/p>\n<p>   \u201cJuntas, essas ideias capturam o forte esp\u00edrito do time, dos torcedores e da comunidade que os apoia.\u201d   <\/p>\n<p>       For\u00e7a, resili\u00eancia, uni\u00e3o \u2728 Chegou o Kit Fortitude. Vista o orgulho do Inter Miami \ud83d\udda4\ud83e\ude77<\/p>\n<p>Adquira o seu aqui:                   https:\/\/t.co\/Ab9l8gxwt3                          pic.twitter.com\/cplngj2B4J       <\/p>\n<p>\u2013 Inter Miami CF (@InterMiamiCF)                   12 de dezembro de 2024          <\/p>\n<p>                       Gol de Alejandro Zendejas! Am\u00e9rica 2-1 Monterrey | Etapa final | Abertura 2024<\/p>\n<p>Voc\u00ea pode estar interessado<b>: <\/b>         <b>Resultado Am\u00e9rica x Monterrey: Quem venceu hoje, 12 de dezembro, na Grande Final da Primeira M\u00e3o do Apertura 2024?<\/b>          <\/p>\n<p>   \u00c9 a primeira camisa mostrada para a temporada 2025, por isso o Inter Miami \u00e9 o primeiro a revel\u00e1-la.   <\/p>\n<h2>Os torneios que o Inter Miami ir\u00e1 disputar<\/h2>\n<p>A equipe competir\u00e1 na Major League Soccer, na Copa do Mundo de Clubes da FIFA, na Concacaf Champions Cup e na Leagues Cup ap\u00f3s uma campanha hist\u00f3rica de 2024 que viu o clube conquistar o t\u00edtulo Supporters&#8217; Shield e estabelecer um novo recorde de pontos em uma temporada regular da MLS.   <\/p>\n<p>   Voc\u00ea pode estar interessado em:          <b>\u00daLTIMAS NOT\u00cdCIAS! Estrella de Monterrey se lesiona na Grande Final do Apertura 2024<\/b>          <\/p>\n","protected":false},"excerpt":{"rendered":"<p>Nesta quinta-feira, 12 de dezembro de 2024, todo o InterMiami, Atrav\u00e9s de suas redes sociais, eles apresentaram a nova camisa que usar\u00e3o na temporada 2025. A camisa se destaca pelas cores que colocam porque tem tons de preto, um pouco de cinza, e alguns detalhes rosa se destacam. \u201cEsses tons mostram confian\u00e7a e determina\u00e7\u00e3o, refletindo&#8230;<\/p>\n","protected":false},"author":1,"featured_media":6385,"comment_status":"closed","ping_status":"closed","sticky":false,"template":"","format":"standard","meta":{"footnotes":""},"categories":[4],"tags":[],"class_list":["post-6126","post","type-post","status-publish","format-standard","has-post-thumbnail","hentry","category-sports"],"_links":{"self":[{"href":"https:\/\/majorleaguesoccer.com.br\/index.php\/wp-json\/wp\/v2\/posts\/6126","targetHints":{"allow":["GET"]}}],"collection":[{"href":"https:\/\/majorleaguesoccer.com.br\/index.php\/wp-json\/wp\/v2\/posts"}],"about":[{"href":"https:\/\/majorleaguesoccer.com.br\/index.php\/wp-json\/wp\/v2\/types\/post"}],"author":[{"embeddable":true,"href":"https:\/\/majorleaguesoccer.com.br\/index.php\/wp-json\/wp\/v2\/users\/1"}],"replies":[{"embeddable":true,"href":"https:\/\/majorleaguesoccer.com.br\/index.php\/wp-json\/wp\/v2\/comments?post=6126"}],"version-history":[{"count":7,"href":"https:\/\/majorleaguesoccer.com.br\/index.php\/wp-json\/wp\/v2\/posts\/6126\/revisions"}],"predecessor-version":[{"id":6379,"href":"https:\/\/majorleaguesoccer.com.br\/index.php\/wp-json\/wp\/v2\/posts\/6126\/revisions\/6379"}],"wp:featuredmedia":[{"embeddable":true,"href":"https:\/\/majorleaguesoccer.com.br\/index.php\/wp-json\/wp\/v2\/media\/6385"}],"wp:attachment":[{"href":"https:\/\/majorleaguesoccer.com.br\/index.php\/wp-json\/wp\/v2\/media?parent=6126"}],"wp:term":[{"taxonomy":"category","embeddable":true,"href":"https:\/\/majorleaguesoccer.com.br\/index.php\/wp-json\/wp\/v2\/categories?post=6126"},{"taxonomy":"post_tag","embeddable":true,"href":"https:\/\/majorleaguesoccer.com.br\/index.php\/wp-json\/wp\/v2\/tags?post=6126"}],"curies":[{"name":"wp","href":"https:\/\/api.w.org\/{rel}","templated":true}]}}